{"id":9340,"date":"2026-03-07T14:28:04","date_gmt":"2026-03-07T13:28:04","guid":{"rendered":"https:\/\/parafia-zegrze.pl\/?p=9340"},"modified":"2026-03-07T14:28:04","modified_gmt":"2026-03-07T13:28:04","slug":"intencje-mszalne-08-03-15-03-2026","status":"publish","type":"post","link":"https:\/\/parafia-zegrze.pl\/?p=9340","title":{"rendered":"Intencje mszalne 08.03 &#8211; 15.03.2026"},"content":{"rendered":"\n<p class=\"has-vivid-purple-color has-text-color has-link-color wp-elements-5c01e3b06b46a592ee2f656914fda0bf\"><strong>III Niedziela Wielkiego Postu <\/strong><strong>08.03<\/strong><\/p>\n\n\n\n<figure class=\"wp-block-table is-style-stripes\"><table class=\"has-fixed-layout\"><tbody><tr><td><strong>09:00 <br>1)<\/strong> + Marianna, Jan, J\u00f3zef i Krzysztof STRO\u017bEK<br><strong>2)<\/strong> + Kazimierz BOROWIEC imieninowa po \u015bmierci<\/td><\/tr><tr><td><strong>11.00 <br>1)<\/strong> + Irena OSIWA\u0141A 11 miesi\u0105c po \u015bmierci<br><strong>2)<\/strong> + Kazimiera i Wac\u0142aw POPIELARZ, + zm. ich Rodzice<\/td><\/tr><tr><td><strong>17:30<\/strong><br><strong>GORZKIE \u017bALE<\/strong><\/td><\/tr><tr><td><strong>18:00 <br>1)<\/strong> + Barbara \u015aLIWI\u0143SKA na zak. 30 dn. \u017ca\u0142oby po \u015bmierci i pogrzebie <br>\/ od mieszka\u0144c\u00f3w bloku Drewnowskiego 12\/<br><strong>2)<\/strong> + Marianna i Feliks PYRA, + Cecylia, Jan Stanis\u0142aw<\/td><\/tr><\/tbody><\/table><\/figure>\n\n\n\n<p><strong>Poniedzia\u0142ek <\/strong><strong>09.03<\/strong><\/p>\n\n\n\n<figure class=\"wp-block-table\"><table class=\"has-fixed-layout\"><tbody><tr><td><strong>18:00<\/strong><br>Za dusze w czy\u015b\u0107cu cierpi\u0105ce<\/td><\/tr><\/tbody><\/table><\/figure>\n\n\n\n<p><strong>Wtorek <\/strong><strong>10.03<\/strong><\/p>\n\n\n\n<figure class=\"wp-block-table\"><table class=\"has-fixed-layout\"><tbody><tr><td><strong>18:00 <br>1)<\/strong> + Teresa KOMOROWSKA 6 miesi\u0105c po \u015bmierci<br><strong>2)<\/strong> Dzi\u0119kczynno-b\u0142agalna dzi\u0119kuj\u0105c za dotychczas otrzymane \u0142aski prosz\u0105c o dalsze Bo\u017ce b\u0142og., wszelke \u0142aski, przede wszystkim \u0142ask\u0119 zdrowia i opiek\u0119 Matki Bo\u017cej dla Stanis\u0142awa DR\u0104\u017bEWSKIEGO z 92 r. urodzin<\/td><\/tr><\/tbody><\/table><\/figure>\n\n\n\n<p><strong>\u015aroda <\/strong><strong>11.03<\/strong><\/p>\n\n\n\n<figure class=\"wp-block-table\"><table class=\"has-fixed-layout\"><tbody><tr><td><strong>18:00<\/strong><br>W int. Parafian i Sympatyk\u00f3w Parafii Wojskowej w Zegrzu<\/td><\/tr><\/tbody><\/table><\/figure>\n\n\n\n<p><strong>Czwartek <\/strong><strong>12.03<\/strong><\/p>\n\n\n\n<figure class=\"wp-block-table\"><table class=\"has-fixed-layout\"><tbody><tr><td><strong>18:00<\/strong><br><\/td><\/tr><\/tbody><\/table><\/figure>\n\n\n\n<p><strong>Pi\u0105tek 13.03<\/strong><\/p>\n\n\n\n<figure class=\"wp-block-table\"><table class=\"has-fixed-layout\"><tbody><tr><td><strong>18:00<\/strong><br><\/td><\/tr><tr><td><strong>18:30<\/strong><br><strong>Nabo\u017ce\u0144stwo Drogi Krzy\u017cowej<\/strong><\/td><\/tr><\/tbody><\/table><\/figure>\n\n\n\n<p><strong>Sobota 14.03<\/strong><\/p>\n\n\n\n<figure class=\"wp-block-table\"><table class=\"has-fixed-layout\"><tbody><tr><td><strong>18:00<\/strong><br>+ Romualda (k) NOWAK 7 r. \u015bm.<\/td><\/tr><tr><td><strong>20:00<\/strong><br>W int. Oficer\u00f3w rezerwy przed ich promocj\u0105<\/td><\/tr><\/tbody><\/table><\/figure>\n\n\n\n<p class=\"has-pale-pink-color has-text-color has-link-color wp-elements-f1a755cc95c2f4e7a6ea10dd3c794d3d\"><strong>IV Niedziela Wielkiego Postu <\/strong><strong>15.03<\/strong><\/p>\n\n\n\n<figure class=\"wp-block-table is-style-stripes\"><table class=\"has-fixed-layout\"><tbody><tr><td><strong>09:00<\/strong><br>+ Krystyna NOWAK, + Felicja MNICH<\/td><\/tr><tr><td><strong>11:00<\/strong><br>+ J\u00f3zef TRATKIEWICZ 13 r. \u015bm., + Krystyna i Tadeusz LITEWNICCY<\/td><\/tr><tr><td><strong>17:30<\/strong><br><strong>GORZKIE \u017bALE<\/strong><\/td><\/tr><tr><td><strong>18:00<\/strong><br>+ Irena JAROSZ 2 r. \u015bm.<\/td><\/tr><\/tbody><\/table><\/figure>\n","protected":false},"excerpt":{"rendered":"<p>III Niedziela Wielkiego Postu 08.03 09:00 1) + Marianna, Jan, J\u00f3zef i Krzysztof STRO\u017bEK2) + Kazimierz BOROWIEC imieninowa po \u015bmierci 11.00 1) + Irena OSIWA\u0141A 11 miesi\u0105c po \u015bmierci2) + Kazimiera i Wac\u0142aw POPIELARZ, + zm. ich Rodzice 17:30GORZKIE \u017bALE 18:00 1) + Barbara \u015aLIWI\u0143SKA na zak. 30 dn. \u017ca\u0142oby po \u015bmierci i pogrzebie \/ &#8230; <span class=\"more\"><a class=\"more-link\" href=\"https:\/\/parafia-zegrze.pl\/?p=9340\">[Czytaj dalej&#8230;]<\/a><\/span><\/p>\n","protected":false},"author":2,"featured_media":2924,"comment_status":"closed","ping_status":"closed","sticky":false,"template":"","format":"standard","meta":{"_bbp_topic_count":0,"_bbp_reply_count":0,"_bbp_total_topic_count":0,"_bbp_total_reply_count":0,"_bbp_voice_count":0,"_bbp_anonymous_reply_count":0,"_bbp_topic_count_hidden":0,"_bbp_reply_count_hidden":0,"_bbp_forum_subforum_count":0,"footnotes":""},"categories":[4],"tags":[],"class_list":{"0":"entry","1":"post","2":"publish","3":"author-proboszcz","4":"post-9340","6":"format-standard","7":"has-post-thumbnail","8":"category-intencje"},"_links":{"self":[{"href":"https:\/\/parafia-zegrze.pl\/index.php?rest_route=\/wp\/v2\/posts\/9340","targetHints":{"allow":["GET"]}}],"collection":[{"href":"https:\/\/parafia-zegrze.pl\/index.php?rest_route=\/wp\/v2\/posts"}],"about":[{"href":"https:\/\/parafia-zegrze.pl\/index.php?rest_route=\/wp\/v2\/types\/post"}],"author":[{"embeddable":true,"href":"https:\/\/parafia-zegrze.pl\/index.php?rest_route=\/wp\/v2\/users\/2"}],"replies":[{"embeddable":true,"href":"https:\/\/parafia-zegrze.pl\/index.php?rest_route=%2Fwp%2Fv2%2Fcomments&post=9340"}],"version-history":[{"count":1,"href":"https:\/\/parafia-zegrze.pl\/index.php?rest_route=\/wp\/v2\/posts\/9340\/revisions"}],"predecessor-version":[{"id":9341,"href":"https:\/\/parafia-zegrze.pl\/index.php?rest_route=\/wp\/v2\/posts\/9340\/revisions\/9341"}],"wp:featuredmedia":[{"embeddable":true,"href":"https:\/\/parafia-zegrze.pl\/index.php?rest_route=\/wp\/v2\/media\/2924"}],"wp:attachment":[{"href":"https:\/\/parafia-zegrze.pl\/index.php?rest_route=%2Fwp%2Fv2%2Fmedia&parent=9340"}],"wp:term":[{"taxonomy":"category","embeddable":true,"href":"https:\/\/parafia-zegrze.pl\/index.php?rest_route=%2Fwp%2Fv2%2Fcategories&post=9340"},{"taxonomy":"post_tag","embeddable":true,"href":"https:\/\/parafia-zegrze.pl\/index.php?rest_route=%2Fwp%2Fv2%2Ftags&post=9340"}],"curies":[{"name":"wp","href":"https:\/\/api.w.org\/{rel}","templated":true}]}}