{"id":9342,"date":"2026-03-07T14:30:12","date_gmt":"2026-03-07T13:30:12","guid":{"rendered":"https:\/\/parafia-zegrze.pl\/?p=9342"},"modified":"2026-03-10T08:55:52","modified_gmt":"2026-03-10T07:55:52","slug":"iii-niedziela-wielkiego-postu-08-03-2026","status":"publish","type":"post","link":"https:\/\/parafia-zegrze.pl\/?p=9342","title":{"rendered":"III Niedziela Wielkiego Postu 08.03.2026"},"content":{"rendered":"\n<ol class=\"wp-block-list\">\n<li>Dzisiaj 8 marca, obchodzimy Dzie\u0144 Kobiet! Cho\u0107 to \u015bwiecka uroczysto\u015b\u0107, pami\u0119tajmy w modlitwach o wszystkich kobietach, zw\u0142aszcza o tych najbardziej utrudzonych matkach wielodzietnych rodzin, o samotnych pannach i wdowach, o kobietach poni\u017canych i prze\u015bladowanych w wielu cz\u0119\u015bciach \u015bwiata. Wszak kobiety wype\u0142niaj\u0105 szczeg\u00f3ln\u0105 rol\u0119 w \u015bwiecie, w Ko\u015bciele i rodzinie. Polecajmy ich trud i \u017cycie Panu Bogu i Maryi, kt\u00f3ra jest najpi\u0119kniejszym wzorem \u017cony i matki.<\/li>\n\n\n\n<li>W zesz\u0142\u0105 niedziel\u0119 zbierali\u015bmy ofiary do puszek na potrzeby misji. Dzi\u0119ki Waszym \u2013 moi Drodzy \u2013 ofiarom przekazali\u015bmy na ten cel 2.291,53,- PLN<\/li>\n\n\n\n<li>Dzisiaj po Mszy \u015bw. o godz. 11:00 ks. Mateusz zaprasza Rodzic\u00f3w i dzieci przygotowuj\u0105cych si\u0119 do I Komunii \u015bw. na spotkanie organizacyjne<\/li>\n\n\n\n<li>W zwi\u0105zku z rekolekcjami wielkopostnymi, zgodnie z zapowiedzi\u0105, zaplanowane na dzisiaj spotkanie kandydat\u00f3w do bierzmowania zostaje prze\u0142o\u017cone na 15 marca.<\/li>\n\n\n\n<li>Zapraszamy na nabo\u017ce\u0144stwa pasyjne Drog\u0119 Krzy\u017cow\u0105 w pi\u0105tki po Mszy \u015bw. o godz. 18:00 i Gorzkie \u017bale w niedziel\u0119 o godz. 17:30. Dzi\u0119kuj\u0119 ks. Mateuszowi za przygotowanie rozwa\u017ca\u0144 i poprowadzenie zesz\u0142o pi\u0105tkowego nabo\u017ce\u0144stwa.<\/li>\n\n\n\n<li>Czas Wielkiego Postu to tak\u017ce czas, kiedy licznej przyst\u0119pujemy do sakramentu pokuty i pojednania. W naszej \u015bwi\u0105tyni spowied\u017a jest codziennie przed ka\u017cd\u0105 Msz\u0105 \u015awi\u0119t\u0105. Pami\u0119tajmy o dobrym przygotowaniu do sakramentalnej spowiedzi i wype\u0142nieniu wszystkich warunk\u00f3w sakramentu pokuty.<\/li>\n\n\n\n<li>Ko\u0144czymy dzisiaj nasze zamy\u015blenia rekolekcyjne. W imieniu ca\u0142ej parafii, pragn\u0119 z ca\u0142ego serca podzi\u0119kowa\u0107 Ojcu Jackowi Szczepanikowi za przeprowadzone rekolekcje. Dzi\u0119kujemy Ci z ca\u0142ego serca, za wyg\u0142oszone do nas S\u0142owo Bo\u017ce, za dary Ducha \u015awi\u0119tego, kt\u00f3re poprzez Twoj\u0105 pos\u0142ug\u0119 rekolekcyjn\u0105 sta\u0142y si\u0119 naszym udzia\u0142em i pozwoli\u0142y ka\u017cdemu z nas zastanowi\u0107 si\u0119 nad swoim \u017cyciem. Obiecujemy modlitw\u0119 i r\u00f3wnie\u017c o ni\u0105 prosimy. B\u00f3g zap\u0142a\u0107 i Szcz\u0119\u015b\u0107 Bo\u017ce!<\/li>\n\n\n\n<li>Zapowiedzi Przedma\u0142\u017ce\u0144skie<br> <strong>Zapowiedzi pierwsze:<\/strong><br>Rafa\u0142 SOCHACKI, kawaler z par. Przemienienia Pa\u0144skiego w Wieliszewie<br>i Natalia CZARNECKA, panna z par. tutejszej, \u017co\u0142nierz zawodowy<\/li>\n<\/ol>\n","protected":false},"excerpt":{"rendered":"","protected":false},"author":2,"featured_media":2856,"comment_status":"closed","ping_status":"closed","sticky":false,"template":"","format":"standard","meta":{"_bbp_topic_count":0,"_bbp_reply_count":0,"_bbp_total_topic_count":0,"_bbp_total_reply_count":0,"_bbp_voice_count":0,"_bbp_anonymous_reply_count":0,"_bbp_topic_count_hidden":0,"_bbp_reply_count_hidden":0,"_bbp_forum_subforum_count":0,"footnotes":""},"categories":[3],"tags":[],"class_list":{"0":"entry","1":"post","2":"publish","3":"author-proboszcz","4":"post-9342","6":"format-standard","7":"has-post-thumbnail","8":"category-ogloszenia"},"_links":{"self":[{"href":"https:\/\/parafia-zegrze.pl\/index.php?rest_route=\/wp\/v2\/posts\/9342","targetHints":{"allow":["GET"]}}],"collection":[{"href":"https:\/\/parafia-zegrze.pl\/index.php?rest_route=\/wp\/v2\/posts"}],"about":[{"href":"https:\/\/parafia-zegrze.pl\/index.php?rest_route=\/wp\/v2\/types\/post"}],"author":[{"embeddable":true,"href":"https:\/\/parafia-zegrze.pl\/index.php?rest_route=\/wp\/v2\/users\/2"}],"replies":[{"embeddable":true,"href":"https:\/\/parafia-zegrze.pl\/index.php?rest_route=%2Fwp%2Fv2%2Fcomments&post=9342"}],"version-history":[{"count":2,"href":"https:\/\/parafia-zegrze.pl\/index.php?rest_route=\/wp\/v2\/posts\/9342\/revisions"}],"predecessor-version":[{"id":9344,"href":"https:\/\/parafia-zegrze.pl\/index.php?rest_route=\/wp\/v2\/posts\/9342\/revisions\/9344"}],"wp:featuredmedia":[{"embeddable":true,"href":"https:\/\/parafia-zegrze.pl\/index.php?rest_route=\/wp\/v2\/media\/2856"}],"wp:attachment":[{"href":"https:\/\/parafia-zegrze.pl\/index.php?rest_route=%2Fwp%2Fv2%2Fmedia&parent=9342"}],"wp:term":[{"taxonomy":"category","embeddable":true,"href":"https:\/\/parafia-zegrze.pl\/index.php?rest_route=%2Fwp%2Fv2%2Fcategories&post=9342"},{"taxonomy":"post_tag","embeddable":true,"href":"https:\/\/parafia-zegrze.pl\/index.php?rest_route=%2Fwp%2Fv2%2Ftags&post=9342"}],"curies":[{"name":"wp","href":"https:\/\/api.w.org\/{rel}","templated":true}]}}