{"id":9380,"date":"2026-03-08T20:34:00","date_gmt":"2026-03-08T19:34:00","guid":{"rendered":"https:\/\/parafia-zegrze.pl\/?p=9380"},"modified":"2026-03-14T10:38:14","modified_gmt":"2026-03-14T09:38:14","slug":"dzien-kobiet-w-naszej-wspolnocie-parafialnej","status":"publish","type":"post","link":"https:\/\/parafia-zegrze.pl\/?p=9380","title":{"rendered":"Dzie\u0144 Kobiet w naszej wsp\u00f3lnocie parafialnej"},"content":{"rendered":"\n<p>W dniu dzisiejszym, podczas ostatniego dnia rekolekcji wielkopostnych, kt\u00f3re odbywa\u0142y si\u0119 w naszej parafii, nie zapomniano r\u00f3wnie\u017c o szczeg\u00f3lnym wydarzeniu przypadaj\u0105cym tego dnia \u2013 Dniu Kobiet.<\/p>\n\n\n\n<p>Na zako\u0144czenie wsp\u00f3lnej modlitwy i rozwa\u017ca\u0144 skierowano s\u0142owa wdzi\u0119czno\u015bci oraz \u017cyczenia do wszystkich Pa\u0144 obecnych w \u015bwi\u0105tyni. Aby podkre\u015bli\u0107 ten wyj\u0105tkowy dzie\u0144, na ka\u017cd\u0105 z nich czeka\u0142a mi\u0142a niespodzianka, b\u0119d\u0105ca wyrazem pami\u0119ci, szacunku i serdeczno\u015bci .<\/p>\n\n\n\n<p>By\u0142 to pi\u0119kny gest, kt\u00f3ry w atmosferze rekolekcyjnej zadumy przypomnia\u0142 o wdzi\u0119czno\u015bci wobec kobiet \u2013 matek, \u017con, si\u00f3str i wszystkich Pa\u0144, kt\u00f3re swoj\u0105 obecno\u015bci\u0105 i zaanga\u017cowaniem ubogacaj\u0105 \u017cycie naszej wsp\u00f3lnoty.<\/p>\n\n\n\n<figure class=\"wp-block-gallery has-nested-images columns-default is-cropped wp-block-gallery-1 is-layout-flex wp-block-gallery-is-layout-flex\">\n<figure class=\"wp-block-image size-large\"><img loading=\"lazy\" decoding=\"async\" width=\"1024\" height=\"461\" data-id=\"9383\" src=\"https:\/\/parafia-zegrze.pl\/wp-content\/uploads\/2026\/03\/648846191_1445890457574123_9149473407043242459_n-1024x461.jpg\" alt=\"\" class=\"wp-image-9383\" srcset=\"https:\/\/parafia-zegrze.pl\/wp-content\/uploads\/2026\/03\/648846191_1445890457574123_9149473407043242459_n-1024x461.jpg 1024w, https:\/\/parafia-zegrze.pl\/wp-content\/uploads\/2026\/03\/648846191_1445890457574123_9149473407043242459_n-300x135.jpg 300w, https:\/\/parafia-zegrze.pl\/wp-content\/uploads\/2026\/03\/648846191_1445890457574123_9149473407043242459_n-768x346.jpg 768w, https:\/\/parafia-zegrze.pl\/wp-content\/uploads\/2026\/03\/648846191_1445890457574123_9149473407043242459_n-1536x691.jpg 1536w, https:\/\/parafia-zegrze.pl\/wp-content\/uploads\/2026\/03\/648846191_1445890457574123_9149473407043242459_n.jpg 2000w\" sizes=\"auto, (max-width: 1024px) 100vw, 1024px\" \/><\/figure>\n\n\n\n<figure class=\"wp-block-image size-large\"><img loading=\"lazy\" decoding=\"async\" width=\"1024\" height=\"462\" data-id=\"9382\" src=\"https:\/\/parafia-zegrze.pl\/wp-content\/uploads\/2026\/03\/648948001_1445890354240800_2748565164630313792_n-1024x462.jpg\" alt=\"\" class=\"wp-image-9382\" srcset=\"https:\/\/parafia-zegrze.pl\/wp-content\/uploads\/2026\/03\/648948001_1445890354240800_2748565164630313792_n-1024x462.jpg 1024w, https:\/\/parafia-zegrze.pl\/wp-content\/uploads\/2026\/03\/648948001_1445890354240800_2748565164630313792_n-300x135.jpg 300w, https:\/\/parafia-zegrze.pl\/wp-content\/uploads\/2026\/03\/648948001_1445890354240800_2748565164630313792_n-768x346.jpg 768w, https:\/\/parafia-zegrze.pl\/wp-content\/uploads\/2026\/03\/648948001_1445890354240800_2748565164630313792_n-1536x692.jpg 1536w, https:\/\/parafia-zegrze.pl\/wp-content\/uploads\/2026\/03\/648948001_1445890354240800_2748565164630313792_n.jpg 2048w\" sizes=\"auto, (max-width: 1024px) 100vw, 1024px\" \/><\/figure>\n\n\n\n<figure class=\"wp-block-image size-large\"><img loading=\"lazy\" decoding=\"async\" width=\"1024\" height=\"462\" data-id=\"9384\" src=\"https:\/\/parafia-zegrze.pl\/wp-content\/uploads\/2026\/03\/648923028_1445890270907475_9020392256004717662_n-1024x462.jpg\" alt=\"\" class=\"wp-image-9384\" srcset=\"https:\/\/parafia-zegrze.pl\/wp-content\/uploads\/2026\/03\/648923028_1445890270907475_9020392256004717662_n-1024x462.jpg 1024w, https:\/\/parafia-zegrze.pl\/wp-content\/uploads\/2026\/03\/648923028_1445890270907475_9020392256004717662_n-300x135.jpg 300w, https:\/\/parafia-zegrze.pl\/wp-content\/uploads\/2026\/03\/648923028_1445890270907475_9020392256004717662_n-768x346.jpg 768w, https:\/\/parafia-zegrze.pl\/wp-content\/uploads\/2026\/03\/648923028_1445890270907475_9020392256004717662_n-1536x692.jpg 1536w, https:\/\/parafia-zegrze.pl\/wp-content\/uploads\/2026\/03\/648923028_1445890270907475_9020392256004717662_n.jpg 2048w\" sizes=\"auto, (max-width: 1024px) 100vw, 1024px\" \/><\/figure>\n\n\n\n<figure class=\"wp-block-image size-large\"><img loading=\"lazy\" decoding=\"async\" width=\"1024\" height=\"462\" data-id=\"9381\" src=\"https:\/\/parafia-zegrze.pl\/wp-content\/uploads\/2026\/03\/648412774_1445890234240812_8253869154570262972_n-1024x462.jpg\" alt=\"\" class=\"wp-image-9381\" srcset=\"https:\/\/parafia-zegrze.pl\/wp-content\/uploads\/2026\/03\/648412774_1445890234240812_8253869154570262972_n-1024x462.jpg 1024w, https:\/\/parafia-zegrze.pl\/wp-content\/uploads\/2026\/03\/648412774_1445890234240812_8253869154570262972_n-300x135.jpg 300w, https:\/\/parafia-zegrze.pl\/wp-content\/uploads\/2026\/03\/648412774_1445890234240812_8253869154570262972_n-768x346.jpg 768w, https:\/\/parafia-zegrze.pl\/wp-content\/uploads\/2026\/03\/648412774_1445890234240812_8253869154570262972_n-1536x692.jpg 1536w, https:\/\/parafia-zegrze.pl\/wp-content\/uploads\/2026\/03\/648412774_1445890234240812_8253869154570262972_n.jpg 2048w\" sizes=\"auto, (max-width: 1024px) 100vw, 1024px\" \/><\/figure>\n<\/figure>\n","protected":false},"excerpt":{"rendered":"<p>W dniu dzisiejszym, podczas ostatniego dnia rekolekcji wielkopostnych, kt\u00f3re odbywa\u0142y si\u0119 w naszej parafii, nie zapomniano r\u00f3wnie\u017c o szczeg\u00f3lnym wydarzeniu przypadaj\u0105cym tego dnia \u2013 Dniu Kobiet. Na zako\u0144czenie wsp\u00f3lnej modlitwy i rozwa\u017ca\u0144 skierowano s\u0142owa wdzi\u0119czno\u015bci oraz \u017cyczenia do wszystkich Pa\u0144 obecnych w \u015bwi\u0105tyni. Aby podkre\u015bli\u0107 ten wyj\u0105tkowy dzie\u0144, na ka\u017cd\u0105 z nich czeka\u0142a mi\u0142a niespodzianka, &#8230; <span class=\"more\"><a class=\"more-link\" href=\"https:\/\/parafia-zegrze.pl\/?p=9380\">[Czytaj dalej&#8230;]<\/a><\/span><\/p>\n","protected":false},"author":2,"featured_media":3450,"comment_status":"closed","ping_status":"closed","sticky":false,"template":"","format":"standard","meta":{"_bbp_topic_count":0,"_bbp_reply_count":0,"_bbp_total_topic_count":0,"_bbp_total_reply_count":0,"_bbp_voice_count":0,"_bbp_anonymous_reply_count":0,"_bbp_topic_count_hidden":0,"_bbp_reply_count_hidden":0,"_bbp_forum_subforum_count":0,"footnotes":""},"categories":[1],"tags":[],"class_list":{"0":"entry","1":"post","2":"publish","3":"author-proboszcz","4":"post-9380","6":"format-standard","7":"has-post-thumbnail","8":"category-news"},"_links":{"self":[{"href":"https:\/\/parafia-zegrze.pl\/index.php?rest_route=\/wp\/v2\/posts\/9380","targetHints":{"allow":["GET"]}}],"collection":[{"href":"https:\/\/parafia-zegrze.pl\/index.php?rest_route=\/wp\/v2\/posts"}],"about":[{"href":"https:\/\/parafia-zegrze.pl\/index.php?rest_route=\/wp\/v2\/types\/post"}],"author":[{"embeddable":true,"href":"https:\/\/parafia-zegrze.pl\/index.php?rest_route=\/wp\/v2\/users\/2"}],"replies":[{"embeddable":true,"href":"https:\/\/parafia-zegrze.pl\/index.php?rest_route=%2Fwp%2Fv2%2Fcomments&post=9380"}],"version-history":[{"count":1,"href":"https:\/\/parafia-zegrze.pl\/index.php?rest_route=\/wp\/v2\/posts\/9380\/revisions"}],"predecessor-version":[{"id":9385,"href":"https:\/\/parafia-zegrze.pl\/index.php?rest_route=\/wp\/v2\/posts\/9380\/revisions\/9385"}],"wp:featuredmedia":[{"embeddable":true,"href":"https:\/\/parafia-zegrze.pl\/index.php?rest_route=\/wp\/v2\/media\/3450"}],"wp:attachment":[{"href":"https:\/\/parafia-zegrze.pl\/index.php?rest_route=%2Fwp%2Fv2%2Fmedia&parent=9380"}],"wp:term":[{"taxonomy":"category","embeddable":true,"href":"https:\/\/parafia-zegrze.pl\/index.php?rest_route=%2Fwp%2Fv2%2Fcategories&post=9380"},{"taxonomy":"post_tag","embeddable":true,"href":"https:\/\/parafia-zegrze.pl\/index.php?rest_route=%2Fwp%2Fv2%2Ftags&post=9380"}],"curies":[{"name":"wp","href":"https:\/\/api.w.org\/{rel}","templated":true}]}}