{"id":9386,"date":"2026-03-08T20:38:00","date_gmt":"2026-03-08T19:38:00","guid":{"rendered":"https:\/\/parafia-zegrze.pl\/?p=9386"},"modified":"2026-03-14T10:53:06","modified_gmt":"2026-03-14T09:53:06","slug":"zakonczenie-rekolekcji-wielkopostnych","status":"publish","type":"post","link":"https:\/\/parafia-zegrze.pl\/?p=9386","title":{"rendered":"Zako\u0144czenie rekolekcji wielkopostnych"},"content":{"rendered":"\n<p>Ko\u0144czymy dzisiaj nasze zamy\u015blenia rekolekcyjne. W imieniu ca\u0142ej parafii, pragn\u0119 z ca\u0142ego serca podzi\u0119kowa\u0107 Ojcu Jackowi Szczepanikowi za przeprowadzone rekolekcje. Dzi\u0119kujemy Ci z ca\u0142ego serca, za wyg\u0142oszone do nas S\u0142owo Bo\u017ce, za dary Ducha \u015awi\u0119tego, kt\u00f3re poprzez Twoj\u0105 pos\u0142ug\u0119 rekolekcyjn\u0105 sta\u0142y si\u0119 naszym udzia\u0142em i pozwoli\u0142y ka\u017cdemu z nas zastanowi\u0107 si\u0119 nad swoim \u017cyciem. Obiecujemy modlitw\u0119 i r\u00f3wnie\u017c o ni\u0105 prosimy.<\/p>\n\n\n\n<figure class=\"wp-block-gallery has-nested-images columns-default is-cropped wp-block-gallery-1 is-layout-flex wp-block-gallery-is-layout-flex\">\n<figure class=\"wp-block-image size-large\"><img loading=\"lazy\" decoding=\"async\" width=\"1024\" height=\"768\" data-id=\"9387\" src=\"https:\/\/parafia-zegrze.pl\/wp-content\/uploads\/2026\/03\/IMG_20260308_091221-1024x768.jpg\" alt=\"\" class=\"wp-image-9387\" srcset=\"https:\/\/parafia-zegrze.pl\/wp-content\/uploads\/2026\/03\/IMG_20260308_091221-1024x768.jpg 1024w, https:\/\/parafia-zegrze.pl\/wp-content\/uploads\/2026\/03\/IMG_20260308_091221-300x225.jpg 300w, https:\/\/parafia-zegrze.pl\/wp-content\/uploads\/2026\/03\/IMG_20260308_091221-768x576.jpg 768w, https:\/\/parafia-zegrze.pl\/wp-content\/uploads\/2026\/03\/IMG_20260308_091221-1536x1152.jpg 1536w, https:\/\/parafia-zegrze.pl\/wp-content\/uploads\/2026\/03\/IMG_20260308_091221-2048x1536.jpg 2048w\" sizes=\"auto, (max-width: 1024px) 100vw, 1024px\" \/><\/figure>\n\n\n\n<figure class=\"wp-block-image size-large\"><img loading=\"lazy\" decoding=\"async\" width=\"1024\" height=\"768\" data-id=\"9393\" src=\"https:\/\/parafia-zegrze.pl\/wp-content\/uploads\/2026\/03\/IMG_20260308_091233-1024x768.jpg\" alt=\"\" class=\"wp-image-9393\" srcset=\"https:\/\/parafia-zegrze.pl\/wp-content\/uploads\/2026\/03\/IMG_20260308_091233-1024x768.jpg 1024w, https:\/\/parafia-zegrze.pl\/wp-content\/uploads\/2026\/03\/IMG_20260308_091233-300x225.jpg 300w, https:\/\/parafia-zegrze.pl\/wp-content\/uploads\/2026\/03\/IMG_20260308_091233-768x576.jpg 768w, https:\/\/parafia-zegrze.pl\/wp-content\/uploads\/2026\/03\/IMG_20260308_091233-1536x1152.jpg 1536w, https:\/\/parafia-zegrze.pl\/wp-content\/uploads\/2026\/03\/IMG_20260308_091233-2048x1536.jpg 2048w\" sizes=\"auto, (max-width: 1024px) 100vw, 1024px\" \/><\/figure>\n\n\n\n<figure class=\"wp-block-image size-large\"><img loading=\"lazy\" decoding=\"async\" width=\"1024\" height=\"768\" data-id=\"9389\" src=\"https:\/\/parafia-zegrze.pl\/wp-content\/uploads\/2026\/03\/IMG_20260308_091358-1024x768.jpg\" alt=\"\" class=\"wp-image-9389\" srcset=\"https:\/\/parafia-zegrze.pl\/wp-content\/uploads\/2026\/03\/IMG_20260308_091358-1024x768.jpg 1024w, https:\/\/parafia-zegrze.pl\/wp-content\/uploads\/2026\/03\/IMG_20260308_091358-300x225.jpg 300w, https:\/\/parafia-zegrze.pl\/wp-content\/uploads\/2026\/03\/IMG_20260308_091358-768x576.jpg 768w, https:\/\/parafia-zegrze.pl\/wp-content\/uploads\/2026\/03\/IMG_20260308_091358-1536x1152.jpg 1536w, https:\/\/parafia-zegrze.pl\/wp-content\/uploads\/2026\/03\/IMG_20260308_091358-2048x1536.jpg 2048w\" sizes=\"auto, (max-width: 1024px) 100vw, 1024px\" \/><\/figure>\n\n\n\n<figure class=\"wp-block-image size-large\"><img loading=\"lazy\" decoding=\"async\" width=\"1024\" height=\"768\" data-id=\"9394\" src=\"https:\/\/parafia-zegrze.pl\/wp-content\/uploads\/2026\/03\/IMG_20260308_091422-1024x768.jpg\" alt=\"\" class=\"wp-image-9394\" srcset=\"https:\/\/parafia-zegrze.pl\/wp-content\/uploads\/2026\/03\/IMG_20260308_091422-1024x768.jpg 1024w, https:\/\/parafia-zegrze.pl\/wp-content\/uploads\/2026\/03\/IMG_20260308_091422-300x225.jpg 300w, https:\/\/parafia-zegrze.pl\/wp-content\/uploads\/2026\/03\/IMG_20260308_091422-768x576.jpg 768w, https:\/\/parafia-zegrze.pl\/wp-content\/uploads\/2026\/03\/IMG_20260308_091422-1536x1152.jpg 1536w, https:\/\/parafia-zegrze.pl\/wp-content\/uploads\/2026\/03\/IMG_20260308_091422-2048x1536.jpg 2048w\" sizes=\"auto, (max-width: 1024px) 100vw, 1024px\" \/><\/figure>\n\n\n\n<figure class=\"wp-block-image size-large\"><img loading=\"lazy\" decoding=\"async\" width=\"1024\" height=\"768\" data-id=\"9388\" src=\"https:\/\/parafia-zegrze.pl\/wp-content\/uploads\/2026\/03\/IMG_20260308_091448-1024x768.jpg\" alt=\"\" class=\"wp-image-9388\" srcset=\"https:\/\/parafia-zegrze.pl\/wp-content\/uploads\/2026\/03\/IMG_20260308_091448-1024x768.jpg 1024w, https:\/\/parafia-zegrze.pl\/wp-content\/uploads\/2026\/03\/IMG_20260308_091448-300x225.jpg 300w, https:\/\/parafia-zegrze.pl\/wp-content\/uploads\/2026\/03\/IMG_20260308_091448-768x576.jpg 768w, https:\/\/parafia-zegrze.pl\/wp-content\/uploads\/2026\/03\/IMG_20260308_091448-1536x1152.jpg 1536w, https:\/\/parafia-zegrze.pl\/wp-content\/uploads\/2026\/03\/IMG_20260308_091448-2048x1536.jpg 2048w\" sizes=\"auto, (max-width: 1024px) 100vw, 1024px\" \/><\/figure>\n\n\n\n<figure class=\"wp-block-image size-large\"><img loading=\"lazy\" decoding=\"async\" width=\"1024\" height=\"768\" data-id=\"9391\" src=\"https:\/\/parafia-zegrze.pl\/wp-content\/uploads\/2026\/03\/IMG_20260308_114454-1024x768.jpg\" alt=\"\" class=\"wp-image-9391\" srcset=\"https:\/\/parafia-zegrze.pl\/wp-content\/uploads\/2026\/03\/IMG_20260308_114454-1024x768.jpg 1024w, https:\/\/parafia-zegrze.pl\/wp-content\/uploads\/2026\/03\/IMG_20260308_114454-300x225.jpg 300w, https:\/\/parafia-zegrze.pl\/wp-content\/uploads\/2026\/03\/IMG_20260308_114454-768x576.jpg 768w, https:\/\/parafia-zegrze.pl\/wp-content\/uploads\/2026\/03\/IMG_20260308_114454-1536x1152.jpg 1536w, https:\/\/parafia-zegrze.pl\/wp-content\/uploads\/2026\/03\/IMG_20260308_114454-2048x1536.jpg 2048w\" sizes=\"auto, (max-width: 1024px) 100vw, 1024px\" \/><\/figure>\n\n\n\n<figure class=\"wp-block-image size-large\"><img loading=\"lazy\" decoding=\"async\" width=\"1024\" height=\"768\" data-id=\"9392\" src=\"https:\/\/parafia-zegrze.pl\/wp-content\/uploads\/2026\/03\/IMG_20260308_114500-1024x768.jpg\" alt=\"\" class=\"wp-image-9392\" srcset=\"https:\/\/parafia-zegrze.pl\/wp-content\/uploads\/2026\/03\/IMG_20260308_114500-1024x768.jpg 1024w, https:\/\/parafia-zegrze.pl\/wp-content\/uploads\/2026\/03\/IMG_20260308_114500-300x225.jpg 300w, https:\/\/parafia-zegrze.pl\/wp-content\/uploads\/2026\/03\/IMG_20260308_114500-768x576.jpg 768w, https:\/\/parafia-zegrze.pl\/wp-content\/uploads\/2026\/03\/IMG_20260308_114500-1536x1152.jpg 1536w, https:\/\/parafia-zegrze.pl\/wp-content\/uploads\/2026\/03\/IMG_20260308_114500-2048x1536.jpg 2048w\" sizes=\"auto, (max-width: 1024px) 100vw, 1024px\" \/><\/figure>\n\n\n\n<figure class=\"wp-block-image size-large\"><img loading=\"lazy\" decoding=\"async\" width=\"1024\" height=\"768\" data-id=\"9390\" src=\"https:\/\/parafia-zegrze.pl\/wp-content\/uploads\/2026\/03\/IMG_20260308_114940-1024x768.jpg\" alt=\"\" class=\"wp-image-9390\" srcset=\"https:\/\/parafia-zegrze.pl\/wp-content\/uploads\/2026\/03\/IMG_20260308_114940-1024x768.jpg 1024w, https:\/\/parafia-zegrze.pl\/wp-content\/uploads\/2026\/03\/IMG_20260308_114940-300x225.jpg 300w, https:\/\/parafia-zegrze.pl\/wp-content\/uploads\/2026\/03\/IMG_20260308_114940-768x576.jpg 768w, https:\/\/parafia-zegrze.pl\/wp-content\/uploads\/2026\/03\/IMG_20260308_114940-1536x1152.jpg 1536w, https:\/\/parafia-zegrze.pl\/wp-content\/uploads\/2026\/03\/IMG_20260308_114940-2048x1536.jpg 2048w\" sizes=\"auto, (max-width: 1024px) 100vw, 1024px\" \/><\/figure>\n<\/figure>\n","protected":false},"excerpt":{"rendered":"<p>Ko\u0144czymy dzisiaj nasze zamy\u015blenia rekolekcyjne. W imieniu ca\u0142ej parafii, pragn\u0119 z ca\u0142ego serca podzi\u0119kowa\u0107 Ojcu Jackowi Szczepanikowi za przeprowadzone rekolekcje. Dzi\u0119kujemy Ci z ca\u0142ego serca, za wyg\u0142oszone do nas S\u0142owo Bo\u017ce, za dary Ducha \u015awi\u0119tego, kt\u00f3re poprzez Twoj\u0105 pos\u0142ug\u0119 rekolekcyjn\u0105 sta\u0142y si\u0119 naszym udzia\u0142em i pozwoli\u0142y ka\u017cdemu z nas zastanowi\u0107 si\u0119 nad swoim \u017cyciem. Obiecujemy &#8230; <span class=\"more\"><a class=\"more-link\" href=\"https:\/\/parafia-zegrze.pl\/?p=9386\">[Czytaj dalej&#8230;]<\/a><\/span><\/p>\n","protected":false},"author":2,"featured_media":9390,"comment_status":"closed","ping_status":"closed","sticky":false,"template":"","format":"standard","meta":{"_bbp_topic_count":0,"_bbp_reply_count":0,"_bbp_total_topic_count":0,"_bbp_total_reply_count":0,"_bbp_voice_count":0,"_bbp_anonymous_reply_count":0,"_bbp_topic_count_hidden":0,"_bbp_reply_count_hidden":0,"_bbp_forum_subforum_count":0,"footnotes":""},"categories":[1],"tags":[],"class_list":{"0":"entry","1":"post","2":"publish","3":"author-proboszcz","4":"post-9386","6":"format-standard","7":"has-post-thumbnail","8":"category-news"},"_links":{"self":[{"href":"https:\/\/parafia-zegrze.pl\/index.php?rest_route=\/wp\/v2\/posts\/9386","targetHints":{"allow":["GET"]}}],"collection":[{"href":"https:\/\/parafia-zegrze.pl\/index.php?rest_route=\/wp\/v2\/posts"}],"about":[{"href":"https:\/\/parafia-zegrze.pl\/index.php?rest_route=\/wp\/v2\/types\/post"}],"author":[{"embeddable":true,"href":"https:\/\/parafia-zegrze.pl\/index.php?rest_route=\/wp\/v2\/users\/2"}],"replies":[{"embeddable":true,"href":"https:\/\/parafia-zegrze.pl\/index.php?rest_route=%2Fwp%2Fv2%2Fcomments&post=9386"}],"version-history":[{"count":1,"href":"https:\/\/parafia-zegrze.pl\/index.php?rest_route=\/wp\/v2\/posts\/9386\/revisions"}],"predecessor-version":[{"id":9395,"href":"https:\/\/parafia-zegrze.pl\/index.php?rest_route=\/wp\/v2\/posts\/9386\/revisions\/9395"}],"wp:featuredmedia":[{"embeddable":true,"href":"https:\/\/parafia-zegrze.pl\/index.php?rest_route=\/wp\/v2\/media\/9390"}],"wp:attachment":[{"href":"https:\/\/parafia-zegrze.pl\/index.php?rest_route=%2Fwp%2Fv2%2Fmedia&parent=9386"}],"wp:term":[{"taxonomy":"category","embeddable":true,"href":"https:\/\/parafia-zegrze.pl\/index.php?rest_route=%2Fwp%2Fv2%2Fcategories&post=9386"},{"taxonomy":"post_tag","embeddable":true,"href":"https:\/\/parafia-zegrze.pl\/index.php?rest_route=%2Fwp%2Fv2%2Ftags&post=9386"}],"curies":[{"name":"wp","href":"https:\/\/api.w.org\/{rel}","templated":true}]}}