{"id":9396,"date":"2026-03-14T10:57:12","date_gmt":"2026-03-14T09:57:12","guid":{"rendered":"https:\/\/parafia-zegrze.pl\/?p=9396"},"modified":"2026-03-14T10:57:12","modified_gmt":"2026-03-14T09:57:12","slug":"konkurs-na-palme-wielkanocna-3","status":"publish","type":"post","link":"https:\/\/parafia-zegrze.pl\/?p=9396","title":{"rendered":"Konkurs na palm\u0119 wielkanocn\u0105"},"content":{"rendered":"\n<p>Og\u0142aszamy konkurs na najpi\u0119kniejsz\u0105 palm\u0119 wielkanocn\u0105, wykonan\u0105 w\u0142asnor\u0119cznie. Rozstrzygni\u0119cie konkursu w\u00a0<strong>Niedziel\u0119 Palmow\u0105 29 marca po Mszy \u015awi\u0119tej o godz. 11.00<\/strong>\u00a0. Dla zwyci\u0119zc\u00f3w i uczestnik\u00f3w przewidziano nagrody. Serdecznie zapraszamy do wzi\u0119cia udzia\u0142u w tym konkursie naszych najm\u0142odszych Parafian. Prosimy o pomoc r\u00f3wnie\u017c Rodzic\u00f3w.<\/p>\n\n\n<div class=\"wp-block-image\">\n<figure class=\"aligncenter size-full\"><img loading=\"lazy\" decoding=\"async\" width=\"595\" height=\"879\" src=\"http:\/\/parafia-zegrze.pl\/wp-content\/uploads\/2024\/03\/palmy.jpg\" alt=\"\" class=\"wp-image-7023\" srcset=\"https:\/\/parafia-zegrze.pl\/wp-content\/uploads\/2024\/03\/palmy.jpg 595w, https:\/\/parafia-zegrze.pl\/wp-content\/uploads\/2024\/03\/palmy-203x300.jpg 203w\" sizes=\"auto, (max-width: 595px) 100vw, 595px\" \/><\/figure>\n<\/div>","protected":false},"excerpt":{"rendered":"<p>Og\u0142aszamy konkurs na najpi\u0119kniejsz\u0105 palm\u0119 wielkanocn\u0105, wykonan\u0105 w\u0142asnor\u0119cznie. Rozstrzygni\u0119cie konkursu w\u00a0Niedziel\u0119 Palmow\u0105 29 marca po Mszy \u015awi\u0119tej o godz. 11.00\u00a0. Dla zwyci\u0119zc\u00f3w i uczestnik\u00f3w przewidziano nagrody. Serdecznie zapraszamy do wzi\u0119cia udzia\u0142u w tym konkursie naszych najm\u0142odszych Parafian. Prosimy o pomoc r\u00f3wnie\u017c Rodzic\u00f3w.<\/p>\n","protected":false},"author":2,"featured_media":7022,"comment_status":"closed","ping_status":"closed","sticky":false,"template":"","format":"standard","meta":{"_bbp_topic_count":0,"_bbp_reply_count":0,"_bbp_total_topic_count":0,"_bbp_total_reply_count":0,"_bbp_voice_count":0,"_bbp_anonymous_reply_count":0,"_bbp_topic_count_hidden":0,"_bbp_reply_count_hidden":0,"_bbp_forum_subforum_count":0,"footnotes":""},"categories":[1],"tags":[],"class_list":{"0":"entry","1":"post","2":"publish","3":"author-proboszcz","4":"post-9396","6":"format-standard","7":"has-post-thumbnail","8":"category-news"},"_links":{"self":[{"href":"https:\/\/parafia-zegrze.pl\/index.php?rest_route=\/wp\/v2\/posts\/9396","targetHints":{"allow":["GET"]}}],"collection":[{"href":"https:\/\/parafia-zegrze.pl\/index.php?rest_route=\/wp\/v2\/posts"}],"about":[{"href":"https:\/\/parafia-zegrze.pl\/index.php?rest_route=\/wp\/v2\/types\/post"}],"author":[{"embeddable":true,"href":"https:\/\/parafia-zegrze.pl\/index.php?rest_route=\/wp\/v2\/users\/2"}],"replies":[{"embeddable":true,"href":"https:\/\/parafia-zegrze.pl\/index.php?rest_route=%2Fwp%2Fv2%2Fcomments&post=9396"}],"version-history":[{"count":1,"href":"https:\/\/parafia-zegrze.pl\/index.php?rest_route=\/wp\/v2\/posts\/9396\/revisions"}],"predecessor-version":[{"id":9397,"href":"https:\/\/parafia-zegrze.pl\/index.php?rest_route=\/wp\/v2\/posts\/9396\/revisions\/9397"}],"wp:featuredmedia":[{"embeddable":true,"href":"https:\/\/parafia-zegrze.pl\/index.php?rest_route=\/wp\/v2\/media\/7022"}],"wp:attachment":[{"href":"https:\/\/parafia-zegrze.pl\/index.php?rest_route=%2Fwp%2Fv2%2Fmedia&parent=9396"}],"wp:term":[{"taxonomy":"category","embeddable":true,"href":"https:\/\/parafia-zegrze.pl\/index.php?rest_route=%2Fwp%2Fv2%2Fcategories&post=9396"},{"taxonomy":"post_tag","embeddable":true,"href":"https:\/\/parafia-zegrze.pl\/index.php?rest_route=%2Fwp%2Fv2%2Ftags&post=9396"}],"curies":[{"name":"wp","href":"https:\/\/api.w.org\/{rel}","templated":true}]}}