{"id":9398,"date":"2026-03-14T19:01:00","date_gmt":"2026-03-14T18:01:00","guid":{"rendered":"https:\/\/parafia-zegrze.pl\/?p=9398"},"modified":"2026-03-21T20:32:11","modified_gmt":"2026-03-21T19:32:11","slug":"intencje-mszalne-15-03-22-03-2026","status":"publish","type":"post","link":"https:\/\/parafia-zegrze.pl\/?p=9398","title":{"rendered":"Intencje mszalne 15.03 &#8211; 22.03.2026"},"content":{"rendered":"\n<p class=\"has-pale-pink-color has-text-color has-link-color wp-elements-f1a755cc95c2f4e7a6ea10dd3c794d3d\"><strong>IV Niedziela Wielkiego Postu <\/strong><strong>15.03<\/strong><\/p>\n\n\n\n<figure class=\"wp-block-table is-style-stripes\"><table class=\"has-fixed-layout\"><tbody><tr><td><strong>09:00<\/strong><br>+ Krystyna NOWAK, + Felicja MNICH<\/td><\/tr><tr><td><strong>11.00<\/strong><br>+ J\u00f3zef TRATKIEWICZ 13 r. \u015bm., + Krystyna i Tadeusz LITEWNICCY<\/td><\/tr><tr><td><strong>17:30<\/strong><br><strong>GORZKIE \u017bALE<\/strong><\/td><\/tr><tr><td><strong>18:00<\/strong><br>+ Irena JAROSZ 2 r. \u015bm.<\/td><\/tr><\/tbody><\/table><\/figure>\n\n\n\n<p><strong>Poniedzia\u0142ek <\/strong><strong>16.03<\/strong><\/p>\n\n\n\n<figure class=\"wp-block-table\"><table class=\"has-fixed-layout\"><tbody><tr><td><strong>18:00<\/strong><br>+ Wies\u0142aw MI\u0141OSZ urodzinowa po \u015bmierci<\/td><\/tr><\/tbody><\/table><\/figure>\n\n\n\n<p><strong>Wtorek <\/strong><strong>17.03<\/strong><\/p>\n\n\n\n<figure class=\"wp-block-table\"><table class=\"has-fixed-layout\"><tbody><tr><td><strong>18:00<\/strong><br>+ Mateusz IDZIKOWSKI 1 r. \u015bm.<\/td><\/tr><\/tbody><\/table><\/figure>\n\n\n\n<p><strong>\u015aroda <\/strong><strong>18.03<\/strong><\/p>\n\n\n\n<figure class=\"wp-block-table\"><table class=\"has-fixed-layout\"><tbody><tr><td><strong>18:00<\/strong><br>+ Zofia i J\u00f3zef \u0141OSIEWICZ<\/td><\/tr><\/tbody><\/table><\/figure>\n\n\n\n<p><strong>Czwartek <\/strong><strong>19.03<\/strong><\/p>\n\n\n\n<figure class=\"wp-block-table\"><table class=\"has-fixed-layout\"><tbody><tr><td><strong>18:00<\/strong><br>W intencji Parafian i Sympatyk\u00f3w<\/td><\/tr><\/tbody><\/table><\/figure>\n\n\n\n<p><strong>Pi\u0105tek <\/strong><strong>20.03<\/strong><\/p>\n\n\n\n<figure class=\"wp-block-table\"><table class=\"has-fixed-layout\"><tbody><tr><td><strong>18:00<\/strong><br><\/td><\/tr><tr><td><strong>18:30<\/strong><br><strong>DROGA KRZY\u017bOWA<\/strong><\/td><\/tr><\/tbody><\/table><\/figure>\n\n\n\n<p><strong>Sobota <\/strong><strong>21.03<\/strong><\/p>\n\n\n\n<figure class=\"wp-block-table\"><table class=\"has-fixed-layout\"><tbody><tr><td><strong>18:00<\/strong><br>+ Helena i Jan GODLEWSCY, + Lidia BALI\u0143SKA<\/td><\/tr><\/tbody><\/table><\/figure>\n\n\n\n<p class=\"has-vivid-purple-color has-text-color has-link-color wp-elements-6185189416fedab270a621ec2725bd78\"><strong>V Niedziela Wielkiego Postu <\/strong><strong>22.03<\/strong><\/p>\n\n\n\n<figure class=\"wp-block-table is-style-stripes\"><table class=\"has-fixed-layout\"><tbody><tr><td><strong>09:00 <br>1)<\/strong> + J\u00f3zef SA\u0141YGA 5 r. \u015bm., urodzinowa i imieninowa po \u015bmierci<br><strong>2)<\/strong> + J\u00f3zefa (k) PASEK imieninowa po \u015bmieci i + Franciszek PASEK<\/td><\/tr><tr><td><strong>11:00 <br>1)<\/strong> + Daniela B\u0104K 6 miesi\u0105c po \u015bmierci<br><strong>2)<\/strong> + Alicja GRUCZEK urodzinowa po \u015bmierci,, + zm. z rodz. GRUCZEK i SOKO\u0141OWSKICH<\/td><\/tr><tr><td><strong>17:30<\/strong><br><strong>GORZKIE \u017bALE<\/strong><\/td><\/tr><tr><td><strong>18:00<\/strong><br><strong>1)<\/strong> Dzi\u0119kczynno-b\u0142agalna dzi\u0119kuj\u0105c za szcz\u0119\u015bliwe rozwi\u0105zanie prosimy o dalsze Bo\u017ce b\u0142og., wszelkie \u0142aski, przede wszystkim \u0142ask\u0119 zdrowia i opiek\u0119 Matki Bo\u017cej Kr\u00f3lowej Rodzin dla Anity i Marka oraz ma\u0142ego Maksymiliana<br><strong>2)<\/strong> + Genowefa GNIADEK<\/td><\/tr><\/tbody><\/table><\/figure>\n","protected":false},"excerpt":{"rendered":"<p>IV Niedziela Wielkiego Postu 15.03 09:00+ Krystyna NOWAK, + Felicja MNICH 11.00+ J\u00f3zef TRATKIEWICZ 13 r. \u015bm., + Krystyna i Tadeusz LITEWNICCY 17:30GORZKIE \u017bALE 18:00+ Irena JAROSZ 2 r. \u015bm. Poniedzia\u0142ek 16.03 18:00+ Wies\u0142aw MI\u0141OSZ urodzinowa po \u015bmierci Wtorek 17.03 18:00+ Mateusz IDZIKOWSKI 1 r. \u015bm. \u015aroda 18.03 18:00+ Zofia i J\u00f3zef \u0141OSIEWICZ Czwartek 19.03 &#8230; <span class=\"more\"><a class=\"more-link\" href=\"https:\/\/parafia-zegrze.pl\/?p=9398\">[Czytaj dalej&#8230;]<\/a><\/span><\/p>\n","protected":false},"author":2,"featured_media":2924,"comment_status":"closed","ping_status":"closed","sticky":false,"template":"","format":"standard","meta":{"_bbp_topic_count":0,"_bbp_reply_count":0,"_bbp_total_topic_count":0,"_bbp_total_reply_count":0,"_bbp_voice_count":0,"_bbp_anonymous_reply_count":0,"_bbp_topic_count_hidden":0,"_bbp_reply_count_hidden":0,"_bbp_forum_subforum_count":0,"footnotes":""},"categories":[4],"tags":[],"class_list":{"0":"entry","1":"post","2":"publish","3":"author-proboszcz","4":"post-9398","6":"format-standard","7":"has-post-thumbnail","8":"category-intencje"},"_links":{"self":[{"href":"https:\/\/parafia-zegrze.pl\/index.php?rest_route=\/wp\/v2\/posts\/9398","targetHints":{"allow":["GET"]}}],"collection":[{"href":"https:\/\/parafia-zegrze.pl\/index.php?rest_route=\/wp\/v2\/posts"}],"about":[{"href":"https:\/\/parafia-zegrze.pl\/index.php?rest_route=\/wp\/v2\/types\/post"}],"author":[{"embeddable":true,"href":"https:\/\/parafia-zegrze.pl\/index.php?rest_route=\/wp\/v2\/users\/2"}],"replies":[{"embeddable":true,"href":"https:\/\/parafia-zegrze.pl\/index.php?rest_route=%2Fwp%2Fv2%2Fcomments&post=9398"}],"version-history":[{"count":2,"href":"https:\/\/parafia-zegrze.pl\/index.php?rest_route=\/wp\/v2\/posts\/9398\/revisions"}],"predecessor-version":[{"id":9406,"href":"https:\/\/parafia-zegrze.pl\/index.php?rest_route=\/wp\/v2\/posts\/9398\/revisions\/9406"}],"wp:featuredmedia":[{"embeddable":true,"href":"https:\/\/parafia-zegrze.pl\/index.php?rest_route=\/wp\/v2\/media\/2924"}],"wp:attachment":[{"href":"https:\/\/parafia-zegrze.pl\/index.php?rest_route=%2Fwp%2Fv2%2Fmedia&parent=9398"}],"wp:term":[{"taxonomy":"category","embeddable":true,"href":"https:\/\/parafia-zegrze.pl\/index.php?rest_route=%2Fwp%2Fv2%2Fcategories&post=9398"},{"taxonomy":"post_tag","embeddable":true,"href":"https:\/\/parafia-zegrze.pl\/index.php?rest_route=%2Fwp%2Fv2%2Ftags&post=9398"}],"curies":[{"name":"wp","href":"https:\/\/api.w.org\/{rel}","templated":true}]}}