{"id":9400,"date":"2026-03-14T19:02:00","date_gmt":"2026-03-14T18:02:00","guid":{"rendered":"https:\/\/parafia-zegrze.pl\/?p=9400"},"modified":"2026-03-14T11:09:17","modified_gmt":"2026-03-14T10:09:17","slug":"iv-niedziela-wielkiego-postu","status":"publish","type":"post","link":"https:\/\/parafia-zegrze.pl\/?p=9400","title":{"rendered":"IV Niedziela Wielkiego Postu"},"content":{"rendered":"\n<ol class=\"wp-block-list\">\n<li>Dzi\u015b czwarta niedziela Wielkiego Postu, nazywana niedziel\u0105 \u201eLaetare\u201d, czyli wielkopostn\u0105 niedziel\u0105 rado\u015bci. To znak, \u017ce zbli\u017camy si\u0119 w wielkopostnym przygotowaniu do \u015bwi\u0119towania misterium paschalnego Jezusa Chrystusa.<\/li>\n\n\n\n<li>Dzisiaj, po Mszy \u015bw. o godz. 18:00 spotkanie dla kandydat\u00f3w do bierzmowania.<\/li>\n\n\n\n<li>W czasie Wielkiego Postu zapraszamy serdecznie na Drog\u0119 Krzy\u017cow\u0105 w ka\u017cdy pi\u0105tek po Mszy \u015bw. o godz. 18:00 oraz nabo\u017ce\u0144stwo Gorzkich \u017bali w ka\u017cd\u0105 niedziel\u0119 Wielkiego Postu o godz. 17:30 Dzi\u0119kuj\u0119 Cz\u0142onkom \u017bywego R\u00f3\u017ca\u0144ca za przygotowanie rozwa\u017ca\u0144 i poprowadzenie zesz\u0142o pi\u0105tkowego nabo\u017ce\u0144stwa.<\/li>\n\n\n\n<li>W czwartek, 19 marca, przypada uroczysto\u015b\u0107 \u015awi\u0119tego J\u00f3zefa, Oblubie\u0144ca Naj\u015bwi\u0119tszej Maryi Panny i Patrona Ko\u015bcio\u0142a. Podczas Mszy \u015awi\u0119tej w naszym ko\u015bciele o godz. 18:00 przez wstawiennictwo Opiekuna Naj\u015bwi\u0119tszej Rodziny b\u0119dziemy si\u0119 modli\u0107 za m\u0119\u017c\u00f3w i ojc\u00f3w z naszej wsp\u00f3lnoty parafialnej i o godne wype\u0142nianie przez nich swojego powo\u0142ania. Jego wstawiennictwu b\u0119dziemy r\u00f3wnie\u017c poleca\u0107 wszystkich konaj\u0105cych.<\/li>\n\n\n\n<li>W przysz\u0142\u0105 niedziel\u0119 po Mszy \u015bw. o godz. 11:00 zapraszam dzieci i ich rodzic\u00f3w przygotowuj\u0105cych si\u0119 do rocznicy I Komunii \u015bw. na spotkanie organizacyjne. <strong>Rocznica I Komunii \u015bw. odb\u0119dzie si\u0119 w Wielki Czwartek 02.04.2024 o godz. 18:00<\/strong><\/li>\n\n\n\n<li>Og\u0142aszamy konkurs na najpi\u0119kniejsz\u0105 palm\u0119 wielkanocn\u0105, wykonan\u0105 w\u0142asnor\u0119cznie. <strong>Rozstrzygni\u0119cie konkursu w Niedziel\u0119 Palmow\u0105 29 marca po Mszy \u015awi\u0119tej o godz. 11.00 <\/strong>. Dla zwyci\u0119zc\u00f3w i uczestnik\u00f3w przewidziano nagrody. Serdecznie zapraszamy do wzi\u0119cia udzia\u0142u w tym konkursie naszych najm\u0142odszych Parafian. Prosimy o pomoc r\u00f3wnie\u017c Rodzic\u00f3w.<\/li>\n\n\n\n<li>Zapowiedzi Przedma\u0142\u017ce\u0144skie<br>\uf0d8 <strong>Zapowiedzi drugie:<\/strong><br>Rafa\u0142 SOCHACKI, kawaler z par. Przemienienia Pa\u0144skiego w Wieliszewie<br>i Natalia CZARNECKA, panna z par. tutejszej, \u017co\u0142nierz zawodowy<\/li>\n<\/ol>\n","protected":false},"excerpt":{"rendered":"","protected":false},"author":2,"featured_media":2856,"comment_status":"closed","ping_status":"closed","sticky":false,"template":"","format":"standard","meta":{"_bbp_topic_count":0,"_bbp_reply_count":0,"_bbp_total_topic_count":0,"_bbp_total_reply_count":0,"_bbp_voice_count":0,"_bbp_anonymous_reply_count":0,"_bbp_topic_count_hidden":0,"_bbp_reply_count_hidden":0,"_bbp_forum_subforum_count":0,"footnotes":""},"categories":[3],"tags":[],"class_list":{"0":"entry","1":"post","2":"publish","3":"author-proboszcz","4":"post-9400","6":"format-standard","7":"has-post-thumbnail","8":"category-ogloszenia"},"_links":{"self":[{"href":"https:\/\/parafia-zegrze.pl\/index.php?rest_route=\/wp\/v2\/posts\/9400","targetHints":{"allow":["GET"]}}],"collection":[{"href":"https:\/\/parafia-zegrze.pl\/index.php?rest_route=\/wp\/v2\/posts"}],"about":[{"href":"https:\/\/parafia-zegrze.pl\/index.php?rest_route=\/wp\/v2\/types\/post"}],"author":[{"embeddable":true,"href":"https:\/\/parafia-zegrze.pl\/index.php?rest_route=\/wp\/v2\/users\/2"}],"replies":[{"embeddable":true,"href":"https:\/\/parafia-zegrze.pl\/index.php?rest_route=%2Fwp%2Fv2%2Fcomments&post=9400"}],"version-history":[{"count":1,"href":"https:\/\/parafia-zegrze.pl\/index.php?rest_route=\/wp\/v2\/posts\/9400\/revisions"}],"predecessor-version":[{"id":9401,"href":"https:\/\/parafia-zegrze.pl\/index.php?rest_route=\/wp\/v2\/posts\/9400\/revisions\/9401"}],"wp:featuredmedia":[{"embeddable":true,"href":"https:\/\/parafia-zegrze.pl\/index.php?rest_route=\/wp\/v2\/media\/2856"}],"wp:attachment":[{"href":"https:\/\/parafia-zegrze.pl\/index.php?rest_route=%2Fwp%2Fv2%2Fmedia&parent=9400"}],"wp:term":[{"taxonomy":"category","embeddable":true,"href":"https:\/\/parafia-zegrze.pl\/index.php?rest_route=%2Fwp%2Fv2%2Fcategories&post=9400"},{"taxonomy":"post_tag","embeddable":true,"href":"https:\/\/parafia-zegrze.pl\/index.php?rest_route=%2Fwp%2Fv2%2Ftags&post=9400"}],"curies":[{"name":"wp","href":"https:\/\/api.w.org\/{rel}","templated":true}]}}