{"id":9439,"date":"2026-04-26T07:04:45","date_gmt":"2026-04-26T05:04:45","guid":{"rendered":"https:\/\/parafia-zegrze.pl\/?p=9439"},"modified":"2026-04-26T07:04:45","modified_gmt":"2026-04-26T05:04:45","slug":"intencje-mszalne-26-04-03-05-2026","status":"publish","type":"post","link":"https:\/\/parafia-zegrze.pl\/?p=9439","title":{"rendered":"Intencje mszalne 26.04 &#8211; 03.05.2026"},"content":{"rendered":"\n<p class=\"has-vivid-red-color has-text-color has-link-color wp-elements-7e1ab3a5e029b86b57223f2546837d8f\"><strong>IV Niedziela Wielkanocna <\/strong><strong>26.04<\/strong><\/p>\n\n\n\n<figure class=\"wp-block-table is-style-stripes\"><table class=\"has-fixed-layout\"><tbody><tr><td><strong>09:00<\/strong><br>W intencji Parafian i Sympatyk\u00f3w Parafii Wojskowej w Zegrzu<\/td><\/tr><tr><td><strong>11.00 <br>1)<\/strong> Dzi\u0119kczynno-b\u0142agalna dzi\u0119kuj\u0105c za dotychczas otrzymane \u0142aski prosz\u0105c o dalsze Bo\u017ce b\u0142og., wszelkie \u0142aski dla Moniki i Miros\u0142awa POSTO\u0141OWICZ z ok. 30 rocz. \u015blubu<br><strong>2)<\/strong> + Teresa 9 r. \u015bm. i Edward PAWLICCY, + zm. synowie: Stanis\u0142aw i Zdzis\u0142aw<br><strong>Chrzest:<\/strong> Agata<\/td><\/tr><tr><td><strong>18:00<\/strong><br>W intencji Stanis\u0142awa o \u0142ask\u0119 wiary i powr\u00f3t na \u0142ono ko\u015bcio\u0142a<\/td><\/tr><\/tbody><\/table><\/figure>\n\n\n\n<p><strong>Poniedzia\u0142ek <\/strong><strong>27.04<\/strong><\/p>\n\n\n\n<figure class=\"wp-block-table\"><table class=\"has-fixed-layout\"><tbody><tr><td><strong>18:00<\/strong><br>Dzi\u0119kczynno-b\u0142agalna dzi\u0119kuj\u0105c Bogu za dotychczas otrzymane \u0142aski, powr\u00f3t do domu i rodziny Micha\u0142a Gabriela prosz\u0105c o dalsze \u0142aski i opiek\u0119 Matki Bo\u017cej dla Niego i rodziny<\/td><\/tr><\/tbody><\/table><\/figure>\n\n\n\n<p><strong>Wtorek <\/strong><strong>28.04<\/strong><\/p>\n\n\n\n<figure class=\"wp-block-table\"><table class=\"has-fixed-layout\"><tbody><tr><td><strong>18:00<\/strong><br>+ Ewa WOJDA 4miesi\u0105c po \u015bmierci<\/td><\/tr><\/tbody><\/table><\/figure>\n\n\n\n<p><strong>\u015aroda <\/strong><strong>29.04<\/strong><\/p>\n\n\n\n<figure class=\"wp-block-table\"><table class=\"has-fixed-layout\"><tbody><tr><td><strong>18:00<\/strong><br>Dzi\u0119kczynno-b\u0142agalna dzi\u0119kuj\u0105c za dotychczas otrzymane \u0142aski prosz\u0105c o dalsze Bo\u017ce b\u0142og., wszelkie \u0142aski, przede wszystkim o \u0142ask\u0119 zdrowia i opiek\u0119 Matki Bo\u017cej Kr\u00f3lowej Rodzin dla Kazimiery i Stanis\u0142awa DR\u0104\u017bEWSKICH z ok. 64 rocz. \u015blubu<\/td><\/tr><\/tbody><\/table><\/figure>\n\n\n\n<p><strong>Czwartek <\/strong><strong>30.04<\/strong><\/p>\n\n\n\n<figure class=\"wp-block-table\"><table class=\"has-fixed-layout\"><tbody><tr><td><strong>18:00<\/strong><br>O \u0142ask\u0119 uzdrowienia z choroby nowotworowej i powr\u00f3t do zdrowia dla Agnieszki \/od Wsp\u00f3lnoty Intronizacji Naj\u015bwi\u0119tszego Serca Pana Jezusa\/<\/td><\/tr><\/tbody><\/table><\/figure>\n\n\n\n<p><strong>Pi\u0105tek <\/strong><strong>01.05<\/strong><\/p>\n\n\n\n<figure class=\"wp-block-table\"><table class=\"has-fixed-layout\"><tbody><tr><td><strong>18:00<\/strong><br>+ Czes\u0142awa (k) 16 r. \u015bm. i Czes\u0142aw GRUPA, + zm. synowie: Julian, Ryszard, Marian i Mieczys\u0142aw<\/td><\/tr><\/tbody><\/table><\/figure>\n\n\n\n<p class=\"has-vivid-red-color has-text-color has-link-color wp-elements-4c066372ad0e3242369a6955a941f303\"><strong>Sobota<\/strong> <strong>NMP Kr\u00f3lowej Polski 02.05<\/strong><\/p>\n\n\n\n<figure class=\"wp-block-table\"><table class=\"has-fixed-layout\"><tbody><tr><td><strong>18:00<\/strong><br>Dzi\u0119kczynno-b\u0142agalna dzi\u0119kuj\u0105c za dotychczas otrzymane \u0142aski prosz\u0105c o dalsze Bo\u017ce b\u0142og., wszelkie \u0142aski i opiek\u0119 Matki Bo\u017cej Kr\u00f3lowej Rodzin dla Agnieszki i Radka DUBIEL z ok. 35 rocz. \u015blubu<\/td><\/tr><\/tbody><\/table><\/figure>\n\n\n\n<p class=\"has-vivid-red-color has-text-color has-link-color wp-elements-37b9b20ea1651a25ce2969de74e0164e\"><strong>V Niedziela Wielkanocna <\/strong><strong>03.05<\/strong><\/p>\n\n\n\n<figure class=\"wp-block-table is-style-stripes\"><table class=\"has-fixed-layout\"><tbody><tr><td><strong>09:00<\/strong> <strong>W intencji Ojczyzny<\/strong><br>+ Stanis\u0142awa (k) \u015aCIECHURA<\/td><\/tr><tr><td><strong>11:00<\/strong><br>\u00a0+ Waldemar, Jadwiga i Wac\u0142aw KACZY\u0143SCY, + zm. Dziadk\u00f3w z rodz. GARBARCZYK\u00d3W i \u017bELECKICH<\/td><\/tr><tr><td><strong>18:00<\/strong><br>W intencji Zmar\u0142ych polecanych w wypominkach<\/td><\/tr><\/tbody><\/table><\/figure>\n","protected":false},"excerpt":{"rendered":"<p>IV Niedziela Wielkanocna 26.04 09:00W intencji Parafian i Sympatyk\u00f3w Parafii Wojskowej w Zegrzu 11.00 1) Dzi\u0119kczynno-b\u0142agalna dzi\u0119kuj\u0105c za dotychczas otrzymane \u0142aski prosz\u0105c o dalsze Bo\u017ce b\u0142og., wszelkie \u0142aski dla Moniki i Miros\u0142awa POSTO\u0141OWICZ z ok. 30 rocz. \u015blubu2) + Teresa 9 r. \u015bm. i Edward PAWLICCY, + zm. synowie: Stanis\u0142aw i Zdzis\u0142awChrzest: Agata 18:00W intencji &#8230; <span class=\"more\"><a class=\"more-link\" href=\"https:\/\/parafia-zegrze.pl\/?p=9439\">[Czytaj dalej&#8230;]<\/a><\/span><\/p>\n","protected":false},"author":2,"featured_media":2924,"comment_status":"closed","ping_status":"closed","sticky":false,"template":"","format":"standard","meta":{"_bbp_topic_count":0,"_bbp_reply_count":0,"_bbp_total_topic_count":0,"_bbp_total_reply_count":0,"_bbp_voice_count":0,"_bbp_anonymous_reply_count":0,"_bbp_topic_count_hidden":0,"_bbp_reply_count_hidden":0,"_bbp_forum_subforum_count":0,"footnotes":""},"categories":[4],"tags":[],"class_list":{"0":"entry","1":"post","2":"publish","3":"author-proboszcz","4":"post-9439","6":"format-standard","7":"has-post-thumbnail","8":"category-intencje"},"_links":{"self":[{"href":"https:\/\/parafia-zegrze.pl\/index.php?rest_route=\/wp\/v2\/posts\/9439","targetHints":{"allow":["GET"]}}],"collection":[{"href":"https:\/\/parafia-zegrze.pl\/index.php?rest_route=\/wp\/v2\/posts"}],"about":[{"href":"https:\/\/parafia-zegrze.pl\/index.php?rest_route=\/wp\/v2\/types\/post"}],"author":[{"embeddable":true,"href":"https:\/\/parafia-zegrze.pl\/index.php?rest_route=\/wp\/v2\/users\/2"}],"replies":[{"embeddable":true,"href":"https:\/\/parafia-zegrze.pl\/index.php?rest_route=%2Fwp%2Fv2%2Fcomments&post=9439"}],"version-history":[{"count":1,"href":"https:\/\/parafia-zegrze.pl\/index.php?rest_route=\/wp\/v2\/posts\/9439\/revisions"}],"predecessor-version":[{"id":9440,"href":"https:\/\/parafia-zegrze.pl\/index.php?rest_route=\/wp\/v2\/posts\/9439\/revisions\/9440"}],"wp:featuredmedia":[{"embeddable":true,"href":"https:\/\/parafia-zegrze.pl\/index.php?rest_route=\/wp\/v2\/media\/2924"}],"wp:attachment":[{"href":"https:\/\/parafia-zegrze.pl\/index.php?rest_route=%2Fwp%2Fv2%2Fmedia&parent=9439"}],"wp:term":[{"taxonomy":"category","embeddable":true,"href":"https:\/\/parafia-zegrze.pl\/index.php?rest_route=%2Fwp%2Fv2%2Fcategories&post=9439"},{"taxonomy":"post_tag","embeddable":true,"href":"https:\/\/parafia-zegrze.pl\/index.php?rest_route=%2Fwp%2Fv2%2Ftags&post=9439"}],"curies":[{"name":"wp","href":"https:\/\/api.w.org\/{rel}","templated":true}]}}