{"id":9441,"date":"2026-04-26T07:08:39","date_gmt":"2026-04-26T05:08:39","guid":{"rendered":"https:\/\/parafia-zegrze.pl\/?p=9441"},"modified":"2026-04-26T07:08:39","modified_gmt":"2026-04-26T05:08:39","slug":"iv-niedziela-wielkanocna-26-04-2026","status":"publish","type":"post","link":"https:\/\/parafia-zegrze.pl\/?p=9441","title":{"rendered":"IV Niedziela Wielkanocna 26.04.2026"},"content":{"rendered":"\n<ol class=\"wp-block-list\">\n<li>Dzisiejsz\u0105 niedziel\u0119 prze\u017cywamy w Ko\u015bciele jako \u015awiatowy Dzie\u0144 Modlitw o Powo\u0142ania. Rozpoczynaj\u0105 si\u0119 te\u017c Kwartalne dni modlitw o powo\u0142ania do s\u0142u\u017cby w Ko\u015bciele. Podczas tego tygodnia b\u0119dziemy szczeg\u00f3lnie prosi\u0107 o powo\u0142ania kap\u0142a\u0144skie i zakonne r\u00f3wnie\u017c z naszej wsp\u00f3lnoty parafialnej.<\/li>\n\n\n\n<li>Dzisiaj po Mszy \u015bw. o godz. 11:00 spotkanie organizacyjne po\u0142\u0105czone z pr\u00f3b\u0105 dla dzieci i ich Rodzic\u00f3w przygotowuj\u0105cych si\u0119 do I Komunii \u015bw. Obecno\u015b\u0107 obowi\u0105zkowa<\/li>\n\n\n\n<li>W \u015brod\u0119, 29 kwietnia, obchodzimy \u015bwi\u0119to \u015awi\u0119tej Katarzyny Siene\u0144skiej, patronki Europy. To r\u00f3wnie\u017c Dzie\u0144 M\u0119cze\u0144stwa Duchowie\u0144stwa Polskiego, obchodzony w rocznic\u0119 wyzwolenia obozu w Dachau (1945). Nasz\u0105 modlitw\u0105 b\u0119dziemy otacza\u0107 wszystkie ofiary nazistowskiego i stalinowskiego totalitaryzmu, szczeg\u00f3lnie kap\u0142an\u00f3w oraz osoby \u017cycia konsekrowanego.<\/li>\n\n\n\n<li>W pi\u0105tek rozpoczynamy miesi\u0105c maj, w kt\u00f3rym w spos\u00f3b szczeg\u00f3lny b\u0119dziemy oddawa\u0107 cze\u015b\u0107 Matce Zbawiciela. W naszej \u015bwi\u0105tyni <strong>nabo\u017ce\u0144stwo majowe<\/strong> w <strong>dni powszednie po Mszy \u015bw. o godz. 18:00, a w niedziel\u0119 o godz. 17:30<\/strong>.<\/li>\n\n\n\n<li>W pierwszy pi\u0105tek od godzi. 17.00 Adoracja Naj\u015bwi\u0119tszego Sakramentu i okazja do spowiedzi, o godz. 17.45 litania do Naj\u015bwi\u0119tszego Serca Pana Jezusa.<\/li>\n\n\n\n<li>Biskup Polowy, na najbli\u017cszy pi\u0105tek, 1 maja, udzieli\u0142 dyspensy od spo\u017cywania pokarm\u00f3w mi\u0119snych dla wiernych Ordynariatu Polowego. Jednocze\u015bnie osoby korzystaj\u0105ce z dyspensy zach\u0119cane s\u0105 do modlitwy w intencjach Ojca \u015awi\u0119tego i podj\u0119cia uczynk\u00f3w chrze\u015bcija\u0144skiego mi\u0142osierdzia.<\/li>\n\n\n\n<li>W sobot\u0119 \u2013 I sobota maja o godz. 17.00 Ko\u0142a \u017bywego R\u00f3\u017ca\u0144ca zapraszaj\u0105 na wsp\u00f3ln\u0105 modlitw\u0119 przed Naj\u015bwi\u0119tszym Sakramentem, kt\u00f3r\u0105 <strong>o godz. 17: 45, zako\u0144czy wyj\u0105tkowo nabo\u017ce\u0144stwo majowe<\/strong>.<\/li>\n\n\n\n<li><strong>Uroczysto\u015b\u0107 Naj\u015bwi\u0119tszej Maryi Panny Kr\u00f3lowej Polski w tym roku b\u0119dzie obchodzona, w sobot\u0119, 2 maja<\/strong>, a nie jak zwykle 3 maja. Wi\u0105\u017ce si\u0119 to z przypadaj\u0105c\u0105 w tym dniu V Niedziel\u0105 Wielkanocn\u0105. Zapraszamy na Msz\u0119 \u015bw. o godz. 18:00.<\/li>\n\n\n\n<li>W przysz\u0142\u0105 niedziel\u0119, 3 maja, przypada 235. rocznica uchwalenia Konstytucji 3 Maja w 1791 roku. Zapraszamy na Msz\u0119 \u015bw. o godz. 09:00 w intencji Ojczyzny z udzia\u0142em pocztu sztandarowego i asysty honorowej.<\/li>\n\n\n\n<li>R\u00f3wnie\u017c w przysz\u0142\u0105 niedziel\u0119 po Mszy \u015bw. o godz. 09:00 odwiedziny chorych z Komuni\u0105 \u015bw. z racji pierwszej niedzieli miesi\u0105ca.<\/li>\n\n\n\n<li>Ju\u017c dzisiaj zapraszam wszystkich \u2013 Parafian i Sympatyk\u00f3w naszego ko\u015bcio\u0142a garnizonowego i Wasze Rodziny na odpust zwi\u0105zany z wezwaniem naszego ko\u015bcio\u0142a Matki Bo\u017cej Fatimskiej, kt\u00f3ry b\u0119dzie mia\u0142 miejsce w niedziel\u0119, 17 maja, o godz. 11:00. Po Mszy \u015bw. zapraszam wszystkich ma\u0142ych i du\u017cych na festyn parafialny<\/li>\n<\/ol>\n","protected":false},"excerpt":{"rendered":"","protected":false},"author":2,"featured_media":2856,"comment_status":"closed","ping_status":"closed","sticky":false,"template":"","format":"standard","meta":{"_bbp_topic_count":0,"_bbp_reply_count":0,"_bbp_total_topic_count":0,"_bbp_total_reply_count":0,"_bbp_voice_count":0,"_bbp_anonymous_reply_count":0,"_bbp_topic_count_hidden":0,"_bbp_reply_count_hidden":0,"_bbp_forum_subforum_count":0,"footnotes":""},"categories":[3],"tags":[],"class_list":{"0":"entry","1":"post","2":"publish","3":"author-proboszcz","4":"post-9441","6":"format-standard","7":"has-post-thumbnail","8":"category-ogloszenia"},"_links":{"self":[{"href":"https:\/\/parafia-zegrze.pl\/index.php?rest_route=\/wp\/v2\/posts\/9441","targetHints":{"allow":["GET"]}}],"collection":[{"href":"https:\/\/parafia-zegrze.pl\/index.php?rest_route=\/wp\/v2\/posts"}],"about":[{"href":"https:\/\/parafia-zegrze.pl\/index.php?rest_route=\/wp\/v2\/types\/post"}],"author":[{"embeddable":true,"href":"https:\/\/parafia-zegrze.pl\/index.php?rest_route=\/wp\/v2\/users\/2"}],"replies":[{"embeddable":true,"href":"https:\/\/parafia-zegrze.pl\/index.php?rest_route=%2Fwp%2Fv2%2Fcomments&post=9441"}],"version-history":[{"count":1,"href":"https:\/\/parafia-zegrze.pl\/index.php?rest_route=\/wp\/v2\/posts\/9441\/revisions"}],"predecessor-version":[{"id":9442,"href":"https:\/\/parafia-zegrze.pl\/index.php?rest_route=\/wp\/v2\/posts\/9441\/revisions\/9442"}],"wp:featuredmedia":[{"embeddable":true,"href":"https:\/\/parafia-zegrze.pl\/index.php?rest_route=\/wp\/v2\/media\/2856"}],"wp:attachment":[{"href":"https:\/\/parafia-zegrze.pl\/index.php?rest_route=%2Fwp%2Fv2%2Fmedia&parent=9441"}],"wp:term":[{"taxonomy":"category","embeddable":true,"href":"https:\/\/parafia-zegrze.pl\/index.php?rest_route=%2Fwp%2Fv2%2Fcategories&post=9441"},{"taxonomy":"post_tag","embeddable":true,"href":"https:\/\/parafia-zegrze.pl\/index.php?rest_route=%2Fwp%2Fv2%2Ftags&post=9441"}],"curies":[{"name":"wp","href":"https:\/\/api.w.org\/{rel}","templated":true}]}}