{"id":9688,"date":"2026-09-05T21:20:33","date_gmt":"2026-09-05T19:20:33","guid":{"rendered":"https:\/\/parafia-zegrze.pl\/?p=9688"},"modified":"2026-09-05T21:20:33","modified_gmt":"2026-09-05T19:20:33","slug":"intencje-mszalne-06-09-13-09-2026","status":"publish","type":"post","link":"https:\/\/parafia-zegrze.pl\/?p=9688","title":{"rendered":"Intencje mszalne 06.09 &#8211; 13.09.2026"},"content":{"rendered":"\n<p class=\"has-vivid-green-cyan-color has-text-color has-link-color wp-elements-1 wp-block-paragraph\"><strong>XXIII Niedziela<\/strong> <strong>Zwyk\u0142a 06.09<\/strong><\/p>\n\n\n\n<figure class=\"wp-block-table is-style-stripes\"><table class=\"has-fixed-layout\"><tbody><tr><td><strong>09:00 <br>1)<\/strong> W intencji Zmar\u0142ych polecanych w wypominkach<br><strong>2)<\/strong> Dzi\u0119kczynno-b\u0142agalna Jerzego i Gra\u017cyny z ok. 50 r. \u015blubu<\/td><\/tr><tr><td><strong>11:00 <br>1)<\/strong> Dzi\u0119kczynno-b\u0142agalna Wies\u0142awy i Andrzeja GRUPA z ok. 42 r. \u015blubu<br><strong>2)<\/strong> + Jerzy KARPI\u0143SKI 25 r. \u015bm., + Katarzyna, Helena, Micha\u0142, J\u00f3zefa (k), Konrad i Zbigniew KARPI\u0143SCY, + Emilia i W\u0142odzimierz JEZNACH<br><strong>Chrzest:<\/strong> Stanis\u0142aw<\/td><\/tr><tr><td><strong>18:00 <br>1)<\/strong> + Roman PAJ\u0104K 6 miesi\u0105c po \u015bmierci \/od Anny Ku\u015b\/<br><strong>2)<\/strong> Dzi\u0119kczynno-b\u0142agalna Anny i Krzysztofa z ok. 25 r. \u015blubu<\/td><\/tr><\/tbody><\/table><\/figure>\n\n\n\n<p class=\"wp-block-paragraph\"><strong>Poniedzia\u0142ek<\/strong> <strong>07.09<\/strong><\/p>\n\n\n\n<figure class=\"wp-block-table\"><table class=\"has-fixed-layout\"><tbody><tr><td><strong>12:00<\/strong><br><strong>Msza pogrzebowa:<\/strong> + Maria BALCEWICZ (l.93)<\/td><\/tr><tr><td><strong>18:00 <br>1)<\/strong> O uzdrowienie Felixa i Teodora za wstawiennictwem b\u0142og. Rodziny Ulm\u00f3w<br><strong>2)<\/strong> Dzi\u0119kczynno-b\u0142agalna na dalsze lata pos\u0142ugi dla ks. Rados\u0142awa z ok. imienin<\/td><\/tr><\/tbody><\/table><\/figure>\n\n\n\n<p class=\"wp-block-paragraph\"><strong>Wtorek <\/strong><strong>08.09<\/strong><\/p>\n\n\n\n<figure class=\"wp-block-table\"><table class=\"has-fixed-layout\"><tbody><tr><td><strong>18:00<\/strong><br><strong>1)<\/strong> + Barbara KOSOWSKA 4 miesi\u0105c po \u015bmierci<br><strong>2) <\/strong>W intencji Parafian i Sympatyk\u00f3w Parafii Wojskowej w Zegrzu<\/td><\/tr><\/tbody><\/table><\/figure>\n\n\n\n<p class=\"wp-block-paragraph\"><strong>\u015aroda <\/strong><strong>09.09<\/strong><\/p>\n\n\n\n<figure class=\"wp-block-table\"><table class=\"has-fixed-layout\"><tbody><tr><td><strong>18:00 <br>1) <\/strong>+ Zygmunt ZALEWSKI, + Joanna ZALEWSKA-PUCHA\u0141A<br><strong>2)<\/strong> + Zofia BOREK 5 r. \u015bm.<\/td><\/tr><\/tbody><\/table><\/figure>\n\n\n\n<p class=\"wp-block-paragraph\"><strong>Czwartek <\/strong><strong>10.09<\/strong><\/p>\n\n\n\n<figure class=\"wp-block-table\"><table class=\"has-fixed-layout\"><tbody><tr><td><strong>09:00<\/strong><br>W intencji Kadry i Pracownik\u00f3w CS\u0141iI z okazji \u015bwi\u0119ta<\/td><\/tr><tr><td><strong>18:00<\/strong><br>+ Teresa KOMOROWSKA 1 r. \u015bm.<\/td><\/tr><\/tbody><\/table><\/figure>\n\n\n\n<p class=\"wp-block-paragraph\"><strong>Pi\u0105tek <\/strong><strong>11.09<\/strong><\/p>\n\n\n\n<figure class=\"wp-block-table\"><table class=\"has-fixed-layout\"><tbody><tr><td><strong>18:00<\/strong><br>+ Janina-Henryka GOC\u0141OWSKA 3 r. \u015bm., + Henryk GOC\u0141OWSKI 26 r. \u015bm.<\/td><\/tr><\/tbody><\/table><\/figure>\n\n\n\n<p class=\"wp-block-paragraph\"><strong>Sobota <\/strong><strong>12.09<\/strong><\/p>\n\n\n\n<figure class=\"wp-block-table\"><table class=\"has-fixed-layout\"><tbody><tr><td><strong>18:00<\/strong><br>+ Irena KOZ\u0141OWSKA-JANKOWSKA na zak. 30 dn. \u017ca\u0142oby<\/td><\/tr><\/tbody><\/table><\/figure>\n\n\n\n<p class=\"has-vivid-green-cyan-color has-text-color has-link-color wp-elements-2 wp-block-paragraph\"><strong>XXIV Niedziela<\/strong> <strong>Zwyk\u0142a 13.09<\/strong><\/p>\n\n\n\n<figure class=\"wp-block-table is-style-stripes\"><table class=\"has-fixed-layout\"><tbody><tr><td><strong>09:00 <br>1)<\/strong> + Franciszka (k) KAMI\u0143SKA 6 r. \u015bm., + Urszula, Franciszek i Wiktor<br><strong>2)<\/strong> Dzi\u0119kczynno-b\u0142agalna ks. Rados\u0142awa z ok. imienin<\/td><\/tr><tr><td><strong>11:00 <br>1)<\/strong> + Ryszard BEDLA i + syn Tomasz<br><strong>2) <\/strong>+ Jerzy ZYCH 10 r. \u015bm., + zm. Rodzice: Janina i Stefan, + zm. ich dzieci: Zbigniew, Teresa i Bogumi\u0142a<\/td><\/tr><tr><td><strong>18:00 <\/strong><br><strong>1)<\/strong> Dzi\u0119kczynno-b\u0142agalna Nikodema z ok. 3 rocz. urodzin \/od Dziadk\u00f3w\/<br><strong>2)<\/strong> Za dusze w czy\u015b\u0107cu cierpi\u0105ce<\/td><\/tr><\/tbody><\/table><\/figure>\n","protected":false},"excerpt":{"rendered":"<p>XXIII Niedziela Zwyk\u0142a 06.09 09:00 1) W intencji Zmar\u0142ych polecanych w wypominkach2) Dzi\u0119kczynno-b\u0142agalna Jerzego i Gra\u017cyny z ok. 50 r. \u015blubu 11:00 1) Dzi\u0119kczynno-b\u0142agalna Wies\u0142awy i Andrzeja GRUPA z ok. 42 r. \u015blubu2) + Jerzy KARPI\u0143SKI 25 r. \u015bm., + Katarzyna, Helena, Micha\u0142, J\u00f3zefa (k), Konrad i Zbigniew KARPI\u0143SCY, + Emilia i W\u0142odzimierz JEZNACHChrzest: Stanis\u0142aw &#8230; <span class=\"more\"><a class=\"more-link\" href=\"https:\/\/parafia-zegrze.pl\/?p=9688\">[Czytaj dalej&#8230;]<\/a><\/span><\/p>\n","protected":false},"author":2,"featured_media":2924,"comment_status":"closed","ping_status":"closed","sticky":false,"template":"","format":"standard","meta":{"_bbp_topic_count":0,"_bbp_reply_count":0,"_bbp_total_topic_count":0,"_bbp_total_reply_count":0,"_bbp_voice_count":0,"_bbp_anonymous_reply_count":0,"_bbp_topic_count_hidden":0,"_bbp_reply_count_hidden":0,"_bbp_forum_subforum_count":0,"footnotes":""},"categories":[4],"tags":[],"class_list":["entry","post","publish","author-proboszcz","post-9688","format-standard","has-post-thumbnail","category-intencje"],"_links":{"self":[{"href":"https:\/\/parafia-zegrze.pl\/index.php?rest_route=\/wp\/v2\/posts\/9688","targetHints":{"allow":["GET"]}}],"collection":[{"href":"https:\/\/parafia-zegrze.pl\/index.php?rest_route=\/wp\/v2\/posts"}],"about":[{"href":"https:\/\/parafia-zegrze.pl\/index.php?rest_route=\/wp\/v2\/types\/post"}],"author":[{"embeddable":true,"href":"https:\/\/parafia-zegrze.pl\/index.php?rest_route=\/wp\/v2\/users\/2"}],"replies":[{"embeddable":true,"href":"https:\/\/parafia-zegrze.pl\/index.php?rest_route=%2Fwp%2Fv2%2Fcomments&post=9688"}],"version-history":[{"count":1,"href":"https:\/\/parafia-zegrze.pl\/index.php?rest_route=\/wp\/v2\/posts\/9688\/revisions"}],"predecessor-version":[{"id":9689,"href":"https:\/\/parafia-zegrze.pl\/index.php?rest_route=\/wp\/v2\/posts\/9688\/revisions\/9689"}],"wp:featuredmedia":[{"embeddable":true,"href":"https:\/\/parafia-zegrze.pl\/index.php?rest_route=\/wp\/v2\/media\/2924"}],"wp:attachment":[{"href":"https:\/\/parafia-zegrze.pl\/index.php?rest_route=%2Fwp%2Fv2%2Fmedia&parent=9688"}],"wp:term":[{"taxonomy":"category","embeddable":true,"href":"https:\/\/parafia-zegrze.pl\/index.php?rest_route=%2Fwp%2Fv2%2Fcategories&post=9688"},{"taxonomy":"post_tag","embeddable":true,"href":"https:\/\/parafia-zegrze.pl\/index.php?rest_route=%2Fwp%2Fv2%2Ftags&post=9688"}],"curies":[{"name":"wp","href":"https:\/\/api.w.org\/{rel}","templated":true}]}}