{"id":9690,"date":"2026-09-05T21:21:51","date_gmt":"2026-09-05T19:21:51","guid":{"rendered":"https:\/\/parafia-zegrze.pl\/?p=9690"},"modified":"2026-09-05T21:21:51","modified_gmt":"2026-09-05T19:21:51","slug":"xxiii-niedziela-zwykla-06-09-2026","status":"publish","type":"post","link":"https:\/\/parafia-zegrze.pl\/?p=9690","title":{"rendered":"XXIII Niedziela Zwyk\u0142a 06.09.2026"},"content":{"rendered":"\n<ol class=\"wp-block-list\">\n<li>Dzisiaj po Mszy \u015bw. o godz. 09:00 odwiedziny chorych z Komuni\u0105 \u015bw. z racji pierwszej niedzieli miesi\u0105ca.<\/li>\n\n\n\n<li>R\u00f3wnie\u017c dzisiaj po Mszy \u015bw. o godz. 18:00 spotkanie kandydat\u00f3w do bierzmowania. <strong>Obecno\u015b\u0107 na tym spotkaniu jest obowi\u0105zkowa<\/strong>.<\/li>\n\n\n\n<li><strong>Do 27 wrze\u015bnia 2026 w\u0142\u0105cznie<\/strong>, przyjmujemy zapisy dzieci do I Komunii \u015bwi\u0119tej. <strong>Spotkanie organizacyjne odb\u0119dzie si\u0119 w niedziel\u0119 27 wrze\u015bnia, po Mszy \u015bw. o godz. 11:00<\/strong> Przygotowania dzieci b\u0119dzie prowadzi\u0142 ks. proboszcz.<\/li>\n\n\n\n<li>We wtorek, 8 wrze\u015bnia, przypada jedno z najstarszych \u015bwi\u0105t maryjnych: Narodzenie Naj\u015bwi\u0119tszej Maryi Panny. W naszej polskiej tradycji znane jest jako \u015bwi\u0119to Matki Bo\u017cej Siewnej. Polecaj\u0105c Bo\u017cej Opatrzno\u015bci, za przyczyn\u0105 i wstawiennictwem Matki Bo\u017cej, przysz\u0142oroczne plony, pami\u0119tajmy, \u017ce i my jeste\u015bmy \u201euprawn\u0105 rol\u0105\u201d, na kt\u00f3r\u0105 pada ziarno s\u0142owa Bo\u017cego. Zapraszamy na Msz\u0119 \u015bw. o godz. 18:00<\/li>\n\n\n\n<li>Serdecznie zapraszam na \u015brodow\u0105 Nowenn\u0119 do Matki Bo\u017cej Nieustaj\u0105cej Pomocy oraz Msz\u0119 \u015awi\u0119t\u0105 sprawowan\u0105 w naszym ko\u015bciele o godz. 18:00<\/li>\n\n\n\n<li>W czwartek, 10 wrze\u015bnia o godz. 09:00 zapraszam na Msz\u0119 \u015bw. w intencji Kadry i Pracownik\u00f3w Centrum Szkolenia \u0141\u0105czno\u015bci i Informatyki, kt\u00f3ra rozpocznie obchody \u015bwi\u0119ta Centrum<\/li>\n\n\n\n<li>W pi\u0105tek, 11 wrze\u015bnia, w rocznic\u0119 terrorystycznych zamach\u00f3w w Nowym Jorku, chcemy pami\u0119ta\u0107 o modlitwie w intencji ofiar terroru i re\u017cym\u00f3w totalitarnych oraz o pok\u00f3j na ca\u0142ym \u015bwiecie [szczeg\u00f3lnie w Ukrainie i w Strefie Gazy], wzajemne zrozumienie i poszanowanie si\u0119 narod\u00f3w \u015bwiata.<\/li>\n\n\n\n<li>W sobot\u0119, 12 wrze\u015bnia, po Mszy \u015bw. o godz. 18:00 wyj\u0105tkowo, ze wzgl\u0119du na nabo\u017ce\u0144stwo fatimskie w niedziel\u0119 zapraszam kandydat\u00f3w do bierzmowania na pr\u00f3b\u0119 przed bierzmowaniem. Obecno\u015b\u0107 obowi\u0105zkowa<\/li>\n\n\n\n<li>W przysz\u0142\u0105 niedziel\u0119, 13 sierpnia, zawierzamy Maryi \u2013 Matce Bo\u017cej Fatimskiej nasze rodziny i nasze osobiste codzienne sprawy. Nabo\u017ce\u0144stwo fatimskie odb\u0119dzie si\u0119 po Mszy \u015bw. o godz. 18.00<\/li>\n<\/ol>\n","protected":false},"excerpt":{"rendered":"","protected":false},"author":2,"featured_media":2856,"comment_status":"closed","ping_status":"closed","sticky":false,"template":"","format":"standard","meta":{"_bbp_topic_count":0,"_bbp_reply_count":0,"_bbp_total_topic_count":0,"_bbp_total_reply_count":0,"_bbp_voice_count":0,"_bbp_anonymous_reply_count":0,"_bbp_topic_count_hidden":0,"_bbp_reply_count_hidden":0,"_bbp_forum_subforum_count":0,"footnotes":""},"categories":[3],"tags":[],"class_list":["entry","post","publish","author-proboszcz","post-9690","format-standard","has-post-thumbnail","category-ogloszenia"],"_links":{"self":[{"href":"https:\/\/parafia-zegrze.pl\/index.php?rest_route=\/wp\/v2\/posts\/9690","targetHints":{"allow":["GET"]}}],"collection":[{"href":"https:\/\/parafia-zegrze.pl\/index.php?rest_route=\/wp\/v2\/posts"}],"about":[{"href":"https:\/\/parafia-zegrze.pl\/index.php?rest_route=\/wp\/v2\/types\/post"}],"author":[{"embeddable":true,"href":"https:\/\/parafia-zegrze.pl\/index.php?rest_route=\/wp\/v2\/users\/2"}],"replies":[{"embeddable":true,"href":"https:\/\/parafia-zegrze.pl\/index.php?rest_route=%2Fwp%2Fv2%2Fcomments&post=9690"}],"version-history":[{"count":1,"href":"https:\/\/parafia-zegrze.pl\/index.php?rest_route=\/wp\/v2\/posts\/9690\/revisions"}],"predecessor-version":[{"id":9691,"href":"https:\/\/parafia-zegrze.pl\/index.php?rest_route=\/wp\/v2\/posts\/9690\/revisions\/9691"}],"wp:featuredmedia":[{"embeddable":true,"href":"https:\/\/parafia-zegrze.pl\/index.php?rest_route=\/wp\/v2\/media\/2856"}],"wp:attachment":[{"href":"https:\/\/parafia-zegrze.pl\/index.php?rest_route=%2Fwp%2Fv2%2Fmedia&parent=9690"}],"wp:term":[{"taxonomy":"category","embeddable":true,"href":"https:\/\/parafia-zegrze.pl\/index.php?rest_route=%2Fwp%2Fv2%2Fcategories&post=9690"},{"taxonomy":"post_tag","embeddable":true,"href":"https:\/\/parafia-zegrze.pl\/index.php?rest_route=%2Fwp%2Fv2%2Ftags&post=9690"}],"curies":[{"name":"wp","href":"https:\/\/api.w.org\/{rel}","templated":true}]}}